{"id":2522,"date":"2026-09-03T14:32:22","date_gmt":"2026-09-03T13:32:22","guid":{"rendered":"https:\/\/azodvetniki.com\/?post_type=news-article&#038;p=2522"},"modified":"2026-09-03T14:32:22","modified_gmt":"2026-09-03T13:32:22","slug":"jesenski-veliki-kongres-javnega-narocanja-2026","status":"publish","type":"news-article","link":"https:\/\/azodvetniki.com\/en\/news-article\/jesenski-veliki-kongres-javnega-narocanja-2026\/","title":{"rendered":"Jesenski Veliki kongres javnega naro\u010danja 2026"},"content":{"rendered":"<p>Svetovalka v ekipi AZ odvetniki, Tanja Bratina, bo tudi letos aktivno sodelovala na Jesenskem Velikem kongresu javnega naro\u010danja, ki bo 14. in 15. septembra 2026 v Portoro\u017eu. Tanja bo skupaj z odvetnikom Ale\u0161em Avbrehtom tudi ena od programskih vodij kongresa.<\/p>\n\n\n\n<p>V ponedeljek, 14. septembra, bo ob 10.05 sodelovala pri predstavitvi programa in moderatorjev, ob 15.00 pa bo izvedla strokovno predavanje \u00bbKlju\u010d do vsebinske obravnave zahtevka za revizijo\u00ab. Ob 16.00 bo sodelovala \u0161e na prakti\u010dni delavnici \u00bbKlju\u010dna vpra\u0161anja uspe\u0161nega pravnega varstva in odgovori nanje\u00ab.<\/p>\n\n\n\n<p>Veseli nas, da bo s svojim strokovnim znanjem in izku\u0161njami prispevala k programu enega osrednjih strokovnih dogodkov na podro\u010dju javnega naro\u010danja v Sloveniji.<\/p>","protected":false},"author":4,"featured_media":0,"template":"","meta":{"_acf_changed":false},"class_list":["post-2522","news-article","type-news-article","status-publish","hentry"],"acf":[],"_links":{"self":[{"href":"https:\/\/azodvetniki.com\/en\/wp-json\/wp\/v2\/news-article\/2522","targetHints":{"allow":["GET"]}}],"collection":[{"href":"https:\/\/azodvetniki.com\/en\/wp-json\/wp\/v2\/news-article"}],"about":[{"href":"https:\/\/azodvetniki.com\/en\/wp-json\/wp\/v2\/types\/news-article"}],"author":[{"embeddable":true,"href":"https:\/\/azodvetniki.com\/en\/wp-json\/wp\/v2\/users\/4"}],"wp:attachment":[{"href":"https:\/\/azodvetniki.com\/en\/wp-json\/wp\/v2\/media?parent=2522"}],"curies":[{"name":"wp","href":"https:\/\/api.w.org\/{rel}","templated":true}]}}